{"id":8848,"date":"2025-06-09T13:09:30","date_gmt":"2025-06-09T16:09:30","guid":{"rendered":"https:\/\/www.ppgeet.uff.br\/site\/?p=8848"},"modified":"2025-06-09T13:09:32","modified_gmt":"2025-06-09T16:09:32","slug":"defesa-de-tese-de-doutorado-11-06-2025-1300h-pedro-armando-vieira","status":"publish","type":"post","link":"https:\/\/ppgeet.uff.br\/index.php\/2025\/06\/09\/defesa-de-tese-de-doutorado-11-06-2025-1300h-pedro-armando-vieira\/","title":{"rendered":"Defesa de Tese de Doutorado (11\/06\/2025 &#8211; 13:00h): Pedro Armando Vieira"},"content":{"rendered":"\n<p>Convidamos a todos para defesa de Tese de Doutorado do discente <strong>Pedro Armando Vieira<\/strong>, intitulada<strong><em> &#8220;Valida\u00e7\u00e3o de sistema de sondagem em faixa larga do canal r\u00e1dio incluindo an\u00e1lise de t\u00e9cnicas de obten\u00e7\u00e3o de perfil de pot\u00eancia de retardos e par\u00e2metros de dispers\u00e3o temporal&#8221;<\/em><\/strong>, que ser\u00e1 realizada no dia 11 de Junho de 2025 \u00e0s 13:00 horas.<\/p>\n\n\n\n<p>Local: <\/p>\n\n\n\n<p>Sala de reuni\u00e3o da secretaria do TCE <\/p>\n\n\n\n<p><a href=\"https:\/\/meet.google.com\/dxh-xadc-che\">https:\/\/meet.google.com\/dxh-xadc-che<\/a><\/p>\n\n\n\n<p><strong>Banca :<\/strong><\/p>\n\n\n\n<p>Prof. Dr. Pedro Vladimir Gonzalez Castellanos (presidente, orientador)<br>Prof\u00aa. Dr\u00aa. Leni Joaquim de Matos (UFF) (coorientadora)<br>Prof. Dr. Roberto Brauer di Renna (UFF)<br>Prof. Dr. Tadeu Nagashima Ferreira (UFF)<br>Prof. Dr. Victor Fernandes (UFF)\u00a0<br>Prof.Dr. Glaucio Lopes Ramos (UFSJ)\u00a0<br>Prof. Dr. Luiz Alencar Reis da Silva Mello (PUC-Rio)\u00a0<br>Prof. Dr. Leonardo Henrique Gonsioroski Furtado da Silva (UEMA)\u00a0<\/p>\n\n\n\n<p><\/p>\n","protected":false},"excerpt":{"rendered":"<p>Convidamos a todos para defesa de Tese de Doutorado do discente Pedro Armando Vieira, intitulada &#8220;Valida\u00e7\u00e3o de sistema de sondagem em faixa larga do canal r\u00e1dio incluindo an\u00e1lise de t\u00e9cnicas de obten\u00e7\u00e3o de perfil de pot\u00eancia de retardos e par\u00e2metros de dispers\u00e3o temporal&#8221;, que ser\u00e1 realizada no dia 11 de Junho de 2025 \u00e0s 13:00 [&hellip;]<\/p>\n","protected":false},"author":123504,"featured_media":0,"comment_status":"closed","ping_status":"closed","sticky":false,"template":"","format":"standard","meta":{"_et_pb_use_builder":"","_et_pb_old_content":"","_et_gb_content_width":"","_exactmetrics_skip_tracking":false,"_exactmetrics_sitenote_active":false,"_exactmetrics_sitenote_note":"","_exactmetrics_sitenote_category":0,"footnotes":""},"categories":[1],"tags":[],"class_list":["post-8848","post","type-post","status-publish","format-standard","hentry","category-noticias"],"_links":{"self":[{"href":"https:\/\/ppgeet.uff.br\/index.php\/wp-json\/wp\/v2\/posts\/8848","targetHints":{"allow":["GET"]}}],"collection":[{"href":"https:\/\/ppgeet.uff.br\/index.php\/wp-json\/wp\/v2\/posts"}],"about":[{"href":"https:\/\/ppgeet.uff.br\/index.php\/wp-json\/wp\/v2\/types\/post"}],"author":[{"embeddable":true,"href":"https:\/\/ppgeet.uff.br\/index.php\/wp-json\/wp\/v2\/users\/123504"}],"replies":[{"embeddable":true,"href":"https:\/\/ppgeet.uff.br\/index.php\/wp-json\/wp\/v2\/comments?post=8848"}],"version-history":[{"count":1,"href":"https:\/\/ppgeet.uff.br\/index.php\/wp-json\/wp\/v2\/posts\/8848\/revisions"}],"predecessor-version":[{"id":8849,"href":"https:\/\/ppgeet.uff.br\/index.php\/wp-json\/wp\/v2\/posts\/8848\/revisions\/8849"}],"wp:attachment":[{"href":"https:\/\/ppgeet.uff.br\/index.php\/wp-json\/wp\/v2\/media?parent=8848"}],"wp:term":[{"taxonomy":"category","embeddable":true,"href":"https:\/\/ppgeet.uff.br\/index.php\/wp-json\/wp\/v2\/categories?post=8848"},{"taxonomy":"post_tag","embeddable":true,"href":"https:\/\/ppgeet.uff.br\/index.php\/wp-json\/wp\/v2\/tags?post=8848"}],"curies":[{"name":"wp","href":"https:\/\/api.w.org\/{rel}","templated":true}]}}