{"id":4086,"date":"2021-05-17T16:10:42","date_gmt":"2021-05-17T19:10:42","guid":{"rendered":"http:\/\/www.ppgeet.uff.br\/site\/?p=4086"},"modified":"2021-05-17T16:44:54","modified_gmt":"2021-05-17T19:44:54","slug":"inscricoes-abertas-para-mestrado","status":"publish","type":"post","link":"https:\/\/ppgeet.uff.br\/index.php\/2021\/05\/17\/inscricoes-abertas-para-mestrado\/","title":{"rendered":"Inscri\u00e7\u00f5es abertas para Mestrado"},"content":{"rendered":"\n<p>O Programa de P\u00f3s Gradua\u00e7\u00e3o em Engenharia El\u00e9trica e de Telecomunica\u00e7\u00f5es da Universidade Federal Fluminense comunica que est\u00e3o abertas as inscri\u00e7\u00f5es para o Mestrado Stricto Sensu. <\/p>\n\n\n\n<p>Inscreva-se de 01\/05\/2021 at\u00e9 23\/05\/2021 <\/p>\n\n\n\n<p>Acesse o edital: <a rel=\"noreferrer noopener\" href=\"https:\/\/ppgeet.uff.br\/wp-content\/uploads\/sites\/207\/2021\/04\/Edital_2_2021-mestrado-v2.pdf\" target=\"_blank\">https:\/\/ppgeet.uff.br\/wp-content\/uploads\/sites\/207\/2021\/04\/Edital_2_2021-mestrado-v2.pdf<\/a><\/p>\n\n\n\n<p>Inscri\u00e7\u00f5es de doutorado: fluxo cont\u00ednuo.<\/p>\n\n\n\n<figure class=\"wp-block-image size-large\"><img loading=\"lazy\" decoding=\"async\" width=\"723\" height=\"1024\" src=\"https:\/\/ppgeet.uff.br\/wp-content\/uploads\/sites\/207\/2021\/05\/PPGEET-Inscricoes-Mestrado-2021-723x1024.jpeg\" alt=\"\" class=\"wp-image-4088\" srcset=\"https:\/\/ppgeet.uff.br\/wp-content\/uploads\/sites\/207\/2021\/05\/PPGEET-Inscricoes-Mestrado-2021-723x1024.jpeg 723w, https:\/\/ppgeet.uff.br\/wp-content\/uploads\/sites\/207\/2021\/05\/PPGEET-Inscricoes-Mestrado-2021-212x300.jpeg 212w, https:\/\/ppgeet.uff.br\/wp-content\/uploads\/sites\/207\/2021\/05\/PPGEET-Inscricoes-Mestrado-2021-768x1087.jpeg 768w, https:\/\/ppgeet.uff.br\/wp-content\/uploads\/sites\/207\/2021\/05\/PPGEET-Inscricoes-Mestrado-2021.jpeg 904w\" sizes=\"(max-width: 723px) 100vw, 723px\" \/><\/figure>\n","protected":false},"excerpt":{"rendered":"<p>O Programa de P\u00f3s Gradua\u00e7\u00e3o em Engenharia El\u00e9trica e de Telecomunica\u00e7\u00f5es da Universidade Federal Fluminense comunica que est\u00e3o abertas as inscri\u00e7\u00f5es para o Mestrado Stricto Sensu. Inscreva-se de 01\/05\/2021 at\u00e9 23\/05\/2021 Acesse o edital: https:\/\/ppgeet.uff.br\/wp-content\/uploads\/sites\/207\/2021\/04\/Edital_2_2021-mestrado-v2.pdf Inscri\u00e7\u00f5es de doutorado: fluxo cont\u00ednuo.<\/p>\n","protected":false},"author":123502,"featured_media":0,"comment_status":"open","ping_status":"open","sticky":false,"template":"","format":"standard","meta":{"_et_pb_use_builder":"","_et_pb_old_content":"","_et_gb_content_width":"","_exactmetrics_skip_tracking":false,"_exactmetrics_sitenote_active":false,"_exactmetrics_sitenote_note":"","_exactmetrics_sitenote_category":0,"footnotes":""},"categories":[21],"tags":[],"class_list":["post-4086","post","type-post","status-publish","format-standard","hentry","category-pt-4"],"_links":{"self":[{"href":"https:\/\/ppgeet.uff.br\/index.php\/wp-json\/wp\/v2\/posts\/4086","targetHints":{"allow":["GET"]}}],"collection":[{"href":"https:\/\/ppgeet.uff.br\/index.php\/wp-json\/wp\/v2\/posts"}],"about":[{"href":"https:\/\/ppgeet.uff.br\/index.php\/wp-json\/wp\/v2\/types\/post"}],"author":[{"embeddable":true,"href":"https:\/\/ppgeet.uff.br\/index.php\/wp-json\/wp\/v2\/users\/123502"}],"replies":[{"embeddable":true,"href":"https:\/\/ppgeet.uff.br\/index.php\/wp-json\/wp\/v2\/comments?post=4086"}],"version-history":[{"count":4,"href":"https:\/\/ppgeet.uff.br\/index.php\/wp-json\/wp\/v2\/posts\/4086\/revisions"}],"predecessor-version":[{"id":4091,"href":"https:\/\/ppgeet.uff.br\/index.php\/wp-json\/wp\/v2\/posts\/4086\/revisions\/4091"}],"wp:attachment":[{"href":"https:\/\/ppgeet.uff.br\/index.php\/wp-json\/wp\/v2\/media?parent=4086"}],"wp:term":[{"taxonomy":"category","embeddable":true,"href":"https:\/\/ppgeet.uff.br\/index.php\/wp-json\/wp\/v2\/categories?post=4086"},{"taxonomy":"post_tag","embeddable":true,"href":"https:\/\/ppgeet.uff.br\/index.php\/wp-json\/wp\/v2\/tags?post=4086"}],"curies":[{"name":"wp","href":"https:\/\/api.w.org\/{rel}","templated":true}]}}